{"id":1121,"date":"2012-10-15T18:23:52","date_gmt":"2012-10-15T17:23:52","guid":{"rendered":"http:\/\/merka20.com\/?p=1121"},"modified":"2022-06-26T21:36:03","modified_gmt":"2022-06-26T19:36:03","slug":"si-lo-que-quieres-es-vender","status":"publish","type":"post","link":"https:\/\/merka20.com\/si-lo-que-quieres-es-vender\/","title":{"rendered":"Si lo que quieres es vender&#8230;"},"content":{"rendered":"<p style=\"text-align: justify;\">Mis comienzos en Marketing y ventas fueron en hoteler\u00eda, en M\u00e9xico, y gran parte de lo que en aquella \u00e9poca aprend\u00ed vino de la mano de un buen profesional, Vicente Ammatuna.<br \/>\nFormado en Marketing hotelero en Estados Unidos y con gran experiencia de campo fueron muchas las an\u00e9cdotas que nos dej\u00f3. Siempre recuerdo una. La firma.<\/p>\n<p style=\"text-align: justify;\">Dirig\u00eda entonces un hotel de cinco estrellas, parte de una cadena de catorce similares repartidos por toda la rep\u00fablica. Por nuestro trabajo nos tocaba viajar mensualmente a distintas ciudades y visitar por tanto, muchos hoteles.<\/p>\n<div>\n<p style=\"text-align: justify;\">\u00c9l defend\u00eda que con solo entrar al Lobby de un hotel sab\u00eda qu\u00e9 formaci\u00f3n ten\u00eda el director del mismo.<\/p>\n<p style=\"text-align: justify;\">En aquellos a\u00f1os los hoteles a\u00fan ten\u00edan coraz\u00f3n y los directores no eran en casi ning\u00fan caso \u201ceconomistas\u201d como ahora, as\u00ed que proced\u00edan de una larga carrera interna en distintos departamentos de la empresa.<\/p>\n<p style=\"text-align: justify;\">Nos acostumbr\u00f3 a deducir la procedencia, o pasi\u00f3n, de la direcci\u00f3n de cada uno de los hoteles que visit\u00e1bamos. Este viene de \u201cAlimentos y Bebidas\u201d dec\u00eda, \u00e9ste casi seguro de \u201cDivisi\u00f3n cuartos\u201d, \u00e9ste de \u201cContabilidad\u201d, sin duda. \u00c9ste de \u201cVentas\u201d.<\/p>\n<p style=\"text-align: justify;\">Empec\u00e9 un juego que dur\u00f3 varios a\u00f1os (insisto, hasta que los directores llegaron de escuelas empresariales o econ\u00f3micas) y cuanto m\u00e1s jugaba, m\u00e1s se\u00f1ales descubr\u00eda y m\u00e1s f\u00e1cilmente encontraba la firma. La marca personal&nbsp;de un profesional.<\/p>\n<p style=\"text-align: justify;\">La m\u00e1s clara de todas la dejaban los de Marketing y ventas. Mirara donde mirara todo facilitaba la compra, informaba sobre el servicio, invitaba a participar, despertaba la curiosidad. Los recepcionistas, los aparcacoches, las telefonistas internas, hasta los taxistas del sitio del hotel recomendaban entusiasmados el Spa o el espect\u00e1culo de la sala de fiestas&#8230; detr\u00e1s estaba, sin duda, el director y su estrategia integral de ventas.<\/p>\n<p style=\"text-align: justify;\">Me ha servido esta historia para explicar a un cliente porqu\u00e9 las acciones digitales implantadas en su empresa no han obtenido los resultados esperados.<\/p>\n<p style=\"text-align: justify;\">Tres p\u00e1ginas web y una tienda online correctamente programadas y dise\u00f1adas.<br \/>\nLa firma est\u00e1 clara: un inform\u00e1tico, dos programadores y un dise\u00f1ador gr\u00e1fico.<br \/>\nLo incre\u00edble hubiera sido que incitaran a la compra.<\/p>\n<p style=\"text-align: justify;\">Detr\u00e1s del equipo humano necesario para digitalizar tu empresa, tiene que haber un profesional que integre y oriente todas las acciones bajo el prisma estrat\u00e9gico que persigamos.<\/p>\n<ol style=\"text-align: justify;\">\n<li>Define cu\u00e1l es el objetivo de tu presencia digital: comunicar, vender, atender al cliente, proporcionar servicio t\u00e9cnico, educar&#8230;<\/li>\n<li>Busca un profesional cualificado o una empresa que preste el servicio integral y que cuente con directores de proyecto de distintas especialidades. Elige el que mejor encaje en tu objetivo y delega.<\/li>\n<\/ol>\n<p style=\"text-align: justify;\">Contagiar\u00e1 a los dise\u00f1adores, orientar\u00e1 a los comunicadores, pedir\u00e1 a los programadores las herramientas necesarias para que la experiencia de usuario sea \u00f3ptima, generar\u00e1 el contenido adecuado&#8230; integrar\u00e1, en definitiva, todas las estrategias bajo una sola visi\u00f3n.<\/p>\n<p style=\"text-align: justify;\">[Tweet \u00abSi lo que quieres es vender, busca un director de proyecto especializado en marketing y ventas.\u00bb]<\/p>\n<h3 style=\"text-align: center;\">Y tu, \u00bf qu\u00e9 objetivo tienes?<\/h3>\n<p>[wysija_form id=\u00bb1&#8243;]<\/p>\n<\/div>\n","protected":false},"excerpt":{"rendered":"<p>Mis comienzos en Marketing y ventas fueron en hoteler\u00eda, en M\u00e9xico, y gran parte de lo que en aquella \u00e9poca aprend\u00ed vino de la mano de un buen profesional, Vicente Ammatuna. Formado en Marketing hotelero en Estados Unidos y con gran experiencia de campo fueron muchas las an\u00e9cdotas que nos dej\u00f3. Siempre recuerdo una. La [&hellip;]<\/p>\n","protected":false},"author":3,"featured_media":16024,"comment_status":"open","ping_status":"open","sticky":false,"template":"","format":"standard","meta":{"footnotes":""},"categories":[223],"tags":[222,230,224,225,226],"class_list":["post-1121","post","type-post","status-publish","format-standard","has-post-thumbnail","hentry","category-marketing","tag-comercializacion-2","tag-marketing","tag-marketing-digital","tag-servicios","tag-ventas"],"_links":{"self":[{"href":"https:\/\/merka20.com\/api-json\/wp\/v2\/posts\/1121","targetHints":{"allow":["GET"]}}],"collection":[{"href":"https:\/\/merka20.com\/api-json\/wp\/v2\/posts"}],"about":[{"href":"https:\/\/merka20.com\/api-json\/wp\/v2\/types\/post"}],"author":[{"embeddable":true,"href":"https:\/\/merka20.com\/api-json\/wp\/v2\/users\/3"}],"replies":[{"embeddable":true,"href":"https:\/\/merka20.com\/api-json\/wp\/v2\/comments?post=1121"}],"version-history":[{"count":0,"href":"https:\/\/merka20.com\/api-json\/wp\/v2\/posts\/1121\/revisions"}],"wp:featuredmedia":[{"embeddable":true,"href":"https:\/\/merka20.com\/api-json\/wp\/v2\/media\/16024"}],"wp:attachment":[{"href":"https:\/\/merka20.com\/api-json\/wp\/v2\/media?parent=1121"}],"wp:term":[{"taxonomy":"category","embeddable":true,"href":"https:\/\/merka20.com\/api-json\/wp\/v2\/categories?post=1121"},{"taxonomy":"post_tag","embeddable":true,"href":"https:\/\/merka20.com\/api-json\/wp\/v2\/tags?post=1121"}],"curies":[{"name":"wp","href":"https:\/\/api.w.org\/{rel}","templated":true}]}}